{"id":14781,"date":"2019-02-15T09:15:08","date_gmt":"2019-02-15T14:15:08","guid":{"rendered":"https:\/\/live-pmp-vitrine-1.pantheonsite.io\/2024\/03\/11\/en-le-v-commerce-est-il-lavenir\/"},"modified":"2024-04-10T15:42:54","modified_gmt":"2024-04-10T19:42:54","slug":"le-v-commerce-est-il-l-avenir","status":"publish","type":"post","link":"https:\/\/pmpstrategy.com\/en\/2019\/02\/15\/le-v-commerce-est-il-l-avenir\/","title":{"rendered":"[EN] Le v-commerce est-il l&#8217;avenir ?"},"content":{"rendered":"<p class=\"intro\">L&#8217;interview de Fran\u00e7ois Cousi paru dans le journal \u00e9conomique Qu\u00e9b\u00e9cois &#8220;Les Affaires&#8221;.<\/p>\n<p><img loading=\"lazy\" decoding=\"async\" style=\"margin-left: auto;margin-right: auto\" src=\"\/wp-content\/uploads\/images\/vcommerce_FCousi.PNG\" alt=\"vcommerce FCousi\" width=\"600\" height=\"1455\" \/><\/p>\n<p><em>Article paru dans Les Affaires le 28\/07\/2018 &#8211; Rubrique Forum&nbsp;<\/em><\/p>\n","protected":false},"excerpt":{"rendered":"<p>L&#8217;interview de Fran\u00e7ois Cousi paru dans le journal \u00e9conomique Qu\u00e9b\u00e9cois &#8220;Les Affaires&#8221;. Article paru dans Les Affaires le 28\/07\/2018 &#8211; Rubrique Forum&nbsp;<\/p>\n","protected":false},"author":13,"featured_media":16268,"comment_status":"open","ping_status":"open","sticky":false,"template":"","format":"standard","meta":{"_monsterinsights_skip_tracking":false,"_monsterinsights_sitenote_active":false,"_monsterinsights_sitenote_note":"","_monsterinsights_sitenote_category":0,"cybocfi_hide_featured_image":"yes","footnotes":""},"categories":[101,1],"tags":[],"class_list":{"0":"post-14781","1":"post","2":"type-post","3":"status-publish","4":"format-standard","5":"has-post-thumbnail","7":"category-actu-en","8":"category-non-classifiee"},"yoast_head":"<!-- This site is optimized with the Yoast SEO plugin v25.4 - https:\/\/yoast.com\/wordpress\/plugins\/seo\/ -->\n<title>[EN] Le v-commerce est-il l&#039;avenir ? - PMP Strategy<\/title>\n<meta name=\"robots\" content=\"index, follow, max-snippet:-1, max-image-preview:large, max-video-preview:-1\" \/>\n<link rel=\"canonical\" href=\"https:\/\/pmpstrategy.com\/en\/2019\/02\/15\/le-v-commerce-est-il-l-avenir\/\" \/>\n<meta property=\"og:locale\" content=\"en_US\" \/>\n<meta property=\"og:type\" content=\"article\" \/>\n<meta property=\"og:title\" content=\"[EN] Le v-commerce est-il l&#039;avenir ? - PMP Strategy\" \/>\n<meta property=\"og:description\" content=\"L&#8217;interview de Fran\u00e7ois Cousi paru dans le journal \u00e9conomique Qu\u00e9b\u00e9cois &#8220;Les Affaires&#8221;. Article paru dans Les Affaires le 28\/07\/2018 &#8211; Rubrique Forum&nbsp;\" \/>\n<meta property=\"og:url\" content=\"https:\/\/pmpstrategy.com\/en\/2019\/02\/15\/le-v-commerce-est-il-l-avenir\/\" \/>\n<meta property=\"og:site_name\" content=\"PMP Strategy\" \/>\n<meta property=\"article:publisher\" content=\"https:\/\/www.facebook.com\/PMPStrategy\" \/>\n<meta property=\"article:published_time\" content=\"2019-02-15T14:15:08+00:00\" \/>\n<meta property=\"article:modified_time\" content=\"2024-04-10T19:42:54+00:00\" \/>\n<meta property=\"og:image\" content=\"https:\/\/pmpstrategy.com\/wp-content\/uploads\/l_dan-farrell-1277179-unsplash.jpg\" \/>\n\t<meta property=\"og:image:width\" content=\"940\" \/>\n\t<meta property=\"og:image:height\" content=\"626\" \/>\n\t<meta property=\"og:image:type\" content=\"image\/jpeg\" \/>\n<meta name=\"author\" content=\"Super User webmast4c\" \/>\n<meta name=\"twitter:card\" content=\"summary_large_image\" \/>\n<meta name=\"twitter:creator\" content=\"@PMP_Strategy\" \/>\n<meta name=\"twitter:site\" content=\"@PMP_Strategy\" \/>\n<meta name=\"twitter:label1\" content=\"Written by\" \/>\n\t<meta name=\"twitter:data1\" content=\"Super User webmast4c\" \/>\n\t<meta name=\"twitter:label2\" content=\"Est. reading time\" \/>\n\t<meta name=\"twitter:data2\" content=\"1 minute\" \/>\n<script type=\"application\/ld+json\" class=\"yoast-schema-graph\">{\"@context\":\"https:\/\/schema.org\",\"@graph\":[{\"@type\":\"Article\",\"@id\":\"https:\/\/pmpstrategy.com\/en\/2019\/02\/15\/le-v-commerce-est-il-l-avenir\/#article\",\"isPartOf\":{\"@id\":\"https:\/\/pmpstrategy.com\/en\/2019\/02\/15\/le-v-commerce-est-il-l-avenir\/\"},\"author\":{\"name\":\"Super User webmast4c\",\"@id\":\"https:\/\/live-pmp-vitrine-1.pantheonsite.io\/en\/#\/schema\/person\/626ba744ff849bb9fdc61c5f91c57d28\"},\"headline\":\"[EN] Le v-commerce est-il l&#8217;avenir ?\",\"datePublished\":\"2019-02-15T14:15:08+00:00\",\"dateModified\":\"2024-04-10T19:42:54+00:00\",\"mainEntityOfPage\":{\"@id\":\"https:\/\/pmpstrategy.com\/en\/2019\/02\/15\/le-v-commerce-est-il-l-avenir\/\"},\"wordCount\":32,\"commentCount\":0,\"publisher\":{\"@id\":\"https:\/\/live-pmp-vitrine-1.pantheonsite.io\/en\/#organization\"},\"image\":{\"@id\":\"https:\/\/pmpstrategy.com\/en\/2019\/02\/15\/le-v-commerce-est-il-l-avenir\/#primaryimage\"},\"thumbnailUrl\":\"https:\/\/pmpstrategy.com\/wp-content\/uploads\/l_dan-farrell-1277179-unsplash.jpg\",\"articleSection\":[\"Actu\",\"Non classifi\u00e9(e)\"],\"inLanguage\":\"en-US\",\"potentialAction\":[{\"@type\":\"CommentAction\",\"name\":\"Comment\",\"target\":[\"https:\/\/pmpstrategy.com\/en\/2019\/02\/15\/le-v-commerce-est-il-l-avenir\/#respond\"]}]},{\"@type\":\"WebPage\",\"@id\":\"https:\/\/pmpstrategy.com\/en\/2019\/02\/15\/le-v-commerce-est-il-l-avenir\/\",\"url\":\"https:\/\/pmpstrategy.com\/en\/2019\/02\/15\/le-v-commerce-est-il-l-avenir\/\",\"name\":\"[EN] Le v-commerce est-il l'avenir ? - PMP Strategy\",\"isPartOf\":{\"@id\":\"https:\/\/live-pmp-vitrine-1.pantheonsite.io\/en\/#website\"},\"primaryImageOfPage\":{\"@id\":\"https:\/\/pmpstrategy.com\/en\/2019\/02\/15\/le-v-commerce-est-il-l-avenir\/#primaryimage\"},\"image\":{\"@id\":\"https:\/\/pmpstrategy.com\/en\/2019\/02\/15\/le-v-commerce-est-il-l-avenir\/#primaryimage\"},\"thumbnailUrl\":\"https:\/\/pmpstrategy.com\/wp-content\/uploads\/l_dan-farrell-1277179-unsplash.jpg\",\"datePublished\":\"2019-02-15T14:15:08+00:00\",\"dateModified\":\"2024-04-10T19:42:54+00:00\",\"breadcrumb\":{\"@id\":\"https:\/\/pmpstrategy.com\/en\/2019\/02\/15\/le-v-commerce-est-il-l-avenir\/#breadcrumb\"},\"inLanguage\":\"en-US\",\"potentialAction\":[{\"@type\":\"ReadAction\",\"target\":[\"https:\/\/pmpstrategy.com\/en\/2019\/02\/15\/le-v-commerce-est-il-l-avenir\/\"]}]},{\"@type\":\"BreadcrumbList\",\"@id\":\"https:\/\/pmpstrategy.com\/en\/2019\/02\/15\/le-v-commerce-est-il-l-avenir\/#breadcrumb\",\"itemListElement\":[{\"@type\":\"ListItem\",\"position\":1,\"name\":\"Home\",\"item\":\"https:\/\/live-pmp-vitrine-1.pantheonsite.io\/en\/\"},{\"@type\":\"ListItem\",\"position\":2,\"name\":\"[EN] Le v-commerce est-il l&#8217;avenir ?\"}]},{\"@type\":\"WebSite\",\"@id\":\"https:\/\/live-pmp-vitrine-1.pantheonsite.io\/en\/#website\",\"url\":\"https:\/\/live-pmp-vitrine-1.pantheonsite.io\/en\/\",\"name\":\"PMP Strategy\",\"description\":\"\u00c9lever vos attentes en conseil en strat\u00e9gie\",\"publisher\":{\"@id\":\"https:\/\/live-pmp-vitrine-1.pantheonsite.io\/en\/#organization\"},\"potentialAction\":[{\"@type\":\"SearchAction\",\"target\":{\"@type\":\"EntryPoint\",\"urlTemplate\":\"https:\/\/live-pmp-vitrine-1.pantheonsite.io\/en\/?s={search_term_string}\"},\"query-input\":{\"@type\":\"PropertyValueSpecification\",\"valueRequired\":true,\"valueName\":\"search_term_string\"}}],\"inLanguage\":\"en-US\"},{\"@type\":\"Organization\",\"@id\":\"https:\/\/live-pmp-vitrine-1.pantheonsite.io\/en\/#organization\",\"name\":\"PMP Strat\u00e9gie\",\"url\":\"https:\/\/live-pmp-vitrine-1.pantheonsite.io\/en\/\",\"logo\":{\"@type\":\"ImageObject\",\"inLanguage\":\"en-US\",\"@id\":\"https:\/\/live-pmp-vitrine-1.pantheonsite.io\/en\/#\/schema\/logo\/image\/\",\"url\":\"https:\/\/pmpstrategy.com\/wp-content\/uploads\/2023\/12\/meta-image-square.jpg\",\"contentUrl\":\"https:\/\/pmpstrategy.com\/wp-content\/uploads\/2023\/12\/meta-image-square.jpg\",\"width\":696,\"height\":696,\"caption\":\"PMP Strat\u00e9gie\"},\"image\":{\"@id\":\"https:\/\/live-pmp-vitrine-1.pantheonsite.io\/en\/#\/schema\/logo\/image\/\"},\"sameAs\":[\"https:\/\/www.facebook.com\/PMPStrategy\",\"https:\/\/x.com\/PMP_Strategy\"]},{\"@type\":\"Person\",\"@id\":\"https:\/\/live-pmp-vitrine-1.pantheonsite.io\/en\/#\/schema\/person\/626ba744ff849bb9fdc61c5f91c57d28\",\"name\":\"Super User webmast4c\",\"image\":{\"@type\":\"ImageObject\",\"inLanguage\":\"en-US\",\"@id\":\"https:\/\/live-pmp-vitrine-1.pantheonsite.io\/en\/#\/schema\/person\/image\/\",\"url\":\"https:\/\/secure.gravatar.com\/avatar\/95f491d4b99d2e17f1a80d9e92ac4b2ff9c381621cf3e21479d0cc2e7f40b414?s=96&d=mm&r=g\",\"contentUrl\":\"https:\/\/secure.gravatar.com\/avatar\/95f491d4b99d2e17f1a80d9e92ac4b2ff9c381621cf3e21479d0cc2e7f40b414?s=96&d=mm&r=g\",\"caption\":\"Super User webmast4c\"},\"url\":\"https:\/\/pmpstrategy.com\/en\/author\/webmaster\/\"}]}<\/script>\n<!-- \/ Yoast SEO plugin. -->","yoast_head_json":{"title":"[EN] Le v-commerce est-il l'avenir ? - PMP Strategy","robots":{"index":"index","follow":"follow","max-snippet":"max-snippet:-1","max-image-preview":"max-image-preview:large","max-video-preview":"max-video-preview:-1"},"canonical":"https:\/\/pmpstrategy.com\/en\/2019\/02\/15\/le-v-commerce-est-il-l-avenir\/","og_locale":"en_US","og_type":"article","og_title":"[EN] Le v-commerce est-il l'avenir ? - PMP Strategy","og_description":"L&#8217;interview de Fran\u00e7ois Cousi paru dans le journal \u00e9conomique Qu\u00e9b\u00e9cois &#8220;Les Affaires&#8221;. Article paru dans Les Affaires le 28\/07\/2018 &#8211; Rubrique Forum&nbsp;","og_url":"https:\/\/pmpstrategy.com\/en\/2019\/02\/15\/le-v-commerce-est-il-l-avenir\/","og_site_name":"PMP Strategy","article_publisher":"https:\/\/www.facebook.com\/PMPStrategy","article_published_time":"2019-02-15T14:15:08+00:00","article_modified_time":"2024-04-10T19:42:54+00:00","og_image":[{"width":940,"height":626,"url":"https:\/\/pmpstrategy.com\/wp-content\/uploads\/l_dan-farrell-1277179-unsplash.jpg","type":"image\/jpeg"}],"author":"Super User webmast4c","twitter_card":"summary_large_image","twitter_creator":"@PMP_Strategy","twitter_site":"@PMP_Strategy","twitter_misc":{"Written by":"Super User webmast4c","Est. reading time":"1 minute"},"schema":{"@context":"https:\/\/schema.org","@graph":[{"@type":"Article","@id":"https:\/\/pmpstrategy.com\/en\/2019\/02\/15\/le-v-commerce-est-il-l-avenir\/#article","isPartOf":{"@id":"https:\/\/pmpstrategy.com\/en\/2019\/02\/15\/le-v-commerce-est-il-l-avenir\/"},"author":{"name":"Super User webmast4c","@id":"https:\/\/live-pmp-vitrine-1.pantheonsite.io\/en\/#\/schema\/person\/626ba744ff849bb9fdc61c5f91c57d28"},"headline":"[EN] Le v-commerce est-il l&#8217;avenir ?","datePublished":"2019-02-15T14:15:08+00:00","dateModified":"2024-04-10T19:42:54+00:00","mainEntityOfPage":{"@id":"https:\/\/pmpstrategy.com\/en\/2019\/02\/15\/le-v-commerce-est-il-l-avenir\/"},"wordCount":32,"commentCount":0,"publisher":{"@id":"https:\/\/live-pmp-vitrine-1.pantheonsite.io\/en\/#organization"},"image":{"@id":"https:\/\/pmpstrategy.com\/en\/2019\/02\/15\/le-v-commerce-est-il-l-avenir\/#primaryimage"},"thumbnailUrl":"https:\/\/pmpstrategy.com\/wp-content\/uploads\/l_dan-farrell-1277179-unsplash.jpg","articleSection":["Actu","Non classifi\u00e9(e)"],"inLanguage":"en-US","potentialAction":[{"@type":"CommentAction","name":"Comment","target":["https:\/\/pmpstrategy.com\/en\/2019\/02\/15\/le-v-commerce-est-il-l-avenir\/#respond"]}]},{"@type":"WebPage","@id":"https:\/\/pmpstrategy.com\/en\/2019\/02\/15\/le-v-commerce-est-il-l-avenir\/","url":"https:\/\/pmpstrategy.com\/en\/2019\/02\/15\/le-v-commerce-est-il-l-avenir\/","name":"[EN] Le v-commerce est-il l'avenir ? - PMP Strategy","isPartOf":{"@id":"https:\/\/live-pmp-vitrine-1.pantheonsite.io\/en\/#website"},"primaryImageOfPage":{"@id":"https:\/\/pmpstrategy.com\/en\/2019\/02\/15\/le-v-commerce-est-il-l-avenir\/#primaryimage"},"image":{"@id":"https:\/\/pmpstrategy.com\/en\/2019\/02\/15\/le-v-commerce-est-il-l-avenir\/#primaryimage"},"thumbnailUrl":"https:\/\/pmpstrategy.com\/wp-content\/uploads\/l_dan-farrell-1277179-unsplash.jpg","datePublished":"2019-02-15T14:15:08+00:00","dateModified":"2024-04-10T19:42:54+00:00","breadcrumb":{"@id":"https:\/\/pmpstrategy.com\/en\/2019\/02\/15\/le-v-commerce-est-il-l-avenir\/#breadcrumb"},"inLanguage":"en-US","potentialAction":[{"@type":"ReadAction","target":["https:\/\/pmpstrategy.com\/en\/2019\/02\/15\/le-v-commerce-est-il-l-avenir\/"]}]},{"@type":"BreadcrumbList","@id":"https:\/\/pmpstrategy.com\/en\/2019\/02\/15\/le-v-commerce-est-il-l-avenir\/#breadcrumb","itemListElement":[{"@type":"ListItem","position":1,"name":"Home","item":"https:\/\/live-pmp-vitrine-1.pantheonsite.io\/en\/"},{"@type":"ListItem","position":2,"name":"[EN] Le v-commerce est-il l&#8217;avenir ?"}]},{"@type":"WebSite","@id":"https:\/\/live-pmp-vitrine-1.pantheonsite.io\/en\/#website","url":"https:\/\/live-pmp-vitrine-1.pantheonsite.io\/en\/","name":"PMP Strategy","description":"\u00c9lever vos attentes en conseil en strat\u00e9gie","publisher":{"@id":"https:\/\/live-pmp-vitrine-1.pantheonsite.io\/en\/#organization"},"potentialAction":[{"@type":"SearchAction","target":{"@type":"EntryPoint","urlTemplate":"https:\/\/live-pmp-vitrine-1.pantheonsite.io\/en\/?s={search_term_string}"},"query-input":{"@type":"PropertyValueSpecification","valueRequired":true,"valueName":"search_term_string"}}],"inLanguage":"en-US"},{"@type":"Organization","@id":"https:\/\/live-pmp-vitrine-1.pantheonsite.io\/en\/#organization","name":"PMP Strat\u00e9gie","url":"https:\/\/live-pmp-vitrine-1.pantheonsite.io\/en\/","logo":{"@type":"ImageObject","inLanguage":"en-US","@id":"https:\/\/live-pmp-vitrine-1.pantheonsite.io\/en\/#\/schema\/logo\/image\/","url":"https:\/\/pmpstrategy.com\/wp-content\/uploads\/2023\/12\/meta-image-square.jpg","contentUrl":"https:\/\/pmpstrategy.com\/wp-content\/uploads\/2023\/12\/meta-image-square.jpg","width":696,"height":696,"caption":"PMP Strat\u00e9gie"},"image":{"@id":"https:\/\/live-pmp-vitrine-1.pantheonsite.io\/en\/#\/schema\/logo\/image\/"},"sameAs":["https:\/\/www.facebook.com\/PMPStrategy","https:\/\/x.com\/PMP_Strategy"]},{"@type":"Person","@id":"https:\/\/live-pmp-vitrine-1.pantheonsite.io\/en\/#\/schema\/person\/626ba744ff849bb9fdc61c5f91c57d28","name":"Super User webmast4c","image":{"@type":"ImageObject","inLanguage":"en-US","@id":"https:\/\/live-pmp-vitrine-1.pantheonsite.io\/en\/#\/schema\/person\/image\/","url":"https:\/\/secure.gravatar.com\/avatar\/95f491d4b99d2e17f1a80d9e92ac4b2ff9c381621cf3e21479d0cc2e7f40b414?s=96&d=mm&r=g","contentUrl":"https:\/\/secure.gravatar.com\/avatar\/95f491d4b99d2e17f1a80d9e92ac4b2ff9c381621cf3e21479d0cc2e7f40b414?s=96&d=mm&r=g","caption":"Super User webmast4c"},"url":"https:\/\/pmpstrategy.com\/en\/author\/webmaster\/"}]}},"featured_image_src":"https:\/\/pmpstrategy.com\/wp-content\/uploads\/l_dan-farrell-1277179-unsplash-600x400.jpg","featured_image_src_square":"https:\/\/pmpstrategy.com\/wp-content\/uploads\/l_dan-farrell-1277179-unsplash-600x600.jpg","author_info":{"display_name":"Super User webmast4c","author_link":"https:\/\/pmpstrategy.com\/en\/author\/webmaster\/"},"_links":{"self":[{"href":"https:\/\/pmpstrategy.com\/en\/wp-json\/wp\/v2\/posts\/14781","targetHints":{"allow":["GET"]}}],"collection":[{"href":"https:\/\/pmpstrategy.com\/en\/wp-json\/wp\/v2\/posts"}],"about":[{"href":"https:\/\/pmpstrategy.com\/en\/wp-json\/wp\/v2\/types\/post"}],"author":[{"embeddable":true,"href":"https:\/\/pmpstrategy.com\/en\/wp-json\/wp\/v2\/users\/13"}],"replies":[{"embeddable":true,"href":"https:\/\/pmpstrategy.com\/en\/wp-json\/wp\/v2\/comments?post=14781"}],"version-history":[{"count":0,"href":"https:\/\/pmpstrategy.com\/en\/wp-json\/wp\/v2\/posts\/14781\/revisions"}],"wp:featuredmedia":[{"embeddable":true,"href":"https:\/\/pmpstrategy.com\/en\/wp-json\/wp\/v2\/media\/16268"}],"wp:attachment":[{"href":"https:\/\/pmpstrategy.com\/en\/wp-json\/wp\/v2\/media?parent=14781"}],"wp:term":[{"taxonomy":"category","embeddable":true,"href":"https:\/\/pmpstrategy.com\/en\/wp-json\/wp\/v2\/categories?post=14781"},{"taxonomy":"post_tag","embeddable":true,"href":"https:\/\/pmpstrategy.com\/en\/wp-json\/wp\/v2\/tags?post=14781"}],"curies":[{"name":"wp","href":"https:\/\/api.w.org\/{rel}","templated":true}]}}